{"id":4883,"date":"2025-05-28T10:39:29","date_gmt":"2025-05-28T09:39:29","guid":{"rendered":"https:\/\/sea-solucoes.com\/site\/?p=4883"},"modified":"2025-05-28T10:39:29","modified_gmt":"2025-05-28T09:39:29","slug":"incluir-para-proteger-o-desafio-do-planeamento-de-emergencias-para-pessoas-com-mobilidade-reduzida","status":"publish","type":"post","link":"https:\/\/sea-solucoes.com\/site\/incluir-para-proteger-o-desafio-do-planeamento-de-emergencias-para-pessoas-com-mobilidade-reduzida\/","title":{"rendered":"INCLUIR PARA PROTEGER: O DESAFIO DO PLANEAMENTO DE EMERG\u00caNCIAS PARA PESSOAS COM MOBILIDADE REDUZIDA"},"content":{"rendered":"<h4>Numa emerg\u00eancia, a prioridade \u00e9 retirar todas as pessoas do local de forma segura e eficiente. Mas nem todas t\u00eam a mesma capacidade de reagir perante uma situa\u00e7\u00e3o cr\u00edtica. As pessoas com mobilidade reduzida \u2014 que incluem n\u00e3o s\u00f3 pessoas com defici\u00eancia motora permanente, mas tamb\u00e9m gr\u00e1vidas, idosos, pessoas lesionadas ou com condi\u00e7\u00f5es de sa\u00fade tempor\u00e1rias \u2014 encontram barreiras que, se n\u00e3o forem previstas, podem colocar as suas vidas em risco.<\/h4>\n<h4>Num edif\u00edcio que n\u00e3o esteja preparado, as dificuldades podem surgir logo no momento em que o alarme soa. O som pode n\u00e3o ser aud\u00edvel para pessoas com defici\u00eancia auditiva, a sinaliza\u00e7\u00e3o pode ser ileg\u00edvel ou estar mal posicionada, e as sa\u00eddas de emerg\u00eancia podem ser inacess\u00edveis para quem usa cadeira de rodas ou anda com dificuldade. Al\u00e9m disso, \u00e9 frequente os elevadores estarem programados para se desligarem automaticamente em caso de inc\u00eandio \u2014 um procedimento de seguran\u00e7a que, se n\u00e3o for compensado com alternativas adequadas, pode deixar pessoas isoladas em pisos superiores sem qualquer hip\u00f3tese de evacua\u00e7\u00e3o aut\u00f3noma.<\/h4>\n<h4>Garantir a acessibilidade em situa\u00e7\u00f5es de emerg\u00eancia implica mais do que adaptar o espa\u00e7o f\u00edsico. \u00c9 tamb\u00e9m necess\u00e1rio preparar procedimentos e formar pessoas. A cria\u00e7\u00e3o de planos de evacua\u00e7\u00e3o acess\u00edveis passa por:<\/h4>\n<ul>\n<li>\n<h4>Avaliar os riscos espec\u00edficos de cada local, tendo em conta as barreiras f\u00edsicas e operacionais;<\/h4>\n<\/li>\n<li>\n<h4>Disponibilizar equipamentos adequados, como cadeiras de evacua\u00e7\u00e3o para escadas, intercomunicadores em zonas de ref\u00fagio, e sinal\u00e9tica t\u00e1til e visual acess\u00edvel;<\/h4>\n<\/li>\n<li>\n<h4>Formar equipas de apoio com instru\u00e7\u00f5es claras sobre como atuar em seguran\u00e7a;<\/h4>\n<\/li>\n<li>\n<h4>Envolver as pr\u00f3prias pessoas com mobilidade reduzida nos exerc\u00edcios e simulacros, para que o plano seja realista e testado de forma pr\u00e1tica.<\/h4>\n<\/li>\n<\/ul>\n<h4>Os edif\u00edcios p\u00fablicos e locais de trabalho devem, por lei, garantir acessibilidade. O<img loading=\"lazy\" class=\"size-full wp-image-4885 alignright\" src=\"https:\/\/sea-solucoes.com\/site\/wp-content\/uploads\/2025\/05\/imagem2.png\" alt=\"\" width=\"200\" height=\"200\" srcset=\"https:\/\/sea-solucoes.com\/site\/wp-content\/uploads\/2025\/05\/imagem2.png 200w, https:\/\/sea-solucoes.com\/site\/wp-content\/uploads\/2025\/05\/imagem2-150x150.png 150w\" sizes=\"(max-width: 200px) 100vw, 200px\" \/> Decreto-Lei n.\u00ba 163\/2006, que define as normas t\u00e9cnicas para a melhoria da acessibilidade, aplica-se a edif\u00edcios novos e a interven\u00e7\u00f5es em edif\u00edcios existentes, obrigando a eliminar barreiras arquitet\u00f3nicas. A n\u00edvel internacional, a ISO 45001:2019 estabelece requisitos para sistemas de gest\u00e3o da sa\u00fade e seguran\u00e7a no trabalho, incluindo a considera\u00e7\u00e3o de trabalhadores com necessidades espec\u00edficas.<\/h4>\n<h4>Um plano de emerg\u00eancia verdadeiramente eficaz \u00e9 aquele que consegue antecipar e responder \u00e0s necessidades de todos os ocupantes de um espa\u00e7o, incluindo os mais vulner\u00e1veis. Incluir pessoas com mobilidade reduzida n\u00e3o \u00e9 apenas uma quest\u00e3o de empatia ou justi\u00e7a social \u2014 \u00e9 uma exig\u00eancia t\u00e9cnica, legal e \u00e9tica. Al\u00e9m disso, ao planearmos para os que mais dificuldades enfrentam, acabamos por melhorar os procedimentos para toda a gente: sinal\u00e9tica mais clara, comunica\u00e7\u00e3o mais eficaz, rotas alternativas melhor pensadas e uma resposta mais organizada.<\/h4>\n<h4>Consciencializar para esta realidade \u00e9 essencial. Cabe \u00e0s empresas, institui\u00e7\u00f5es p\u00fablicas, equipas de seguran\u00e7a e t\u00e9cnicos de sa\u00fade e seguran\u00e7a no trabalho garantir que a inclus\u00e3o est\u00e1 presente desde o desenho do plano at\u00e9 \u00e0 sua implementa\u00e7\u00e3o. S\u00f3 assim se pode cumprir o princ\u00edpio base da prote\u00e7\u00e3o civil: ningu\u00e9m deve ser deixado para tr\u00e1s.<\/h4>\n<h4 style=\"text-align: center\"><span style=\"color: #99cc00\"><em><strong>A SEA pode ajud\u00e1-lo na organiza\u00e7\u00e3o e planeamento de emerg\u00eancias. <\/strong><\/em><\/span><\/h4>\n<h4 style=\"text-align: center\"><span style=\"color: #99cc00\"><em><strong>Contacte-nos.<\/strong><\/em><\/span><\/h4>\n<p>&nbsp;<\/p>\n<h6 style=\"text-align: right\"><em>Mariana Ribeiro<\/em><\/h6>\n<h6 style=\"text-align: right\"><em>Eng\u00aa de Seguran\u00e7a<\/em><\/h6>\n","protected":false},"excerpt":{"rendered":"Numa emerg\u00eancia, a prioridade \u00e9 retirar todas as pessoas do local de forma segura e eficiente. Mas nem todas t\u00eam a mesma capacidade de reagir perante uma situa\u00e7\u00e3o cr\u00edtica. As pessoas com mobilidade reduzida \u2014 que incluem n\u00e3o s\u00f3 pessoas com defici\u00eancia motora permanente, mas tamb\u00e9m gr\u00e1vidas, idosos, pessoas lesionadas ou com condi\u00e7\u00f5es de sa\u00fade tempor\u00e1rias \u2014 encontram barreiras que,&nbsp;<a href=\"https:\/\/sea-solucoes.com\/site\/incluir-para-proteger-o-desafio-do-planeamento-de-emergencias-para-pessoas-com-mobilidade-reduzida\/\" class=\"read-more\">Continue Reading<\/a>","protected":false},"author":3,"featured_media":4884,"comment_status":"closed","ping_status":"closed","sticky":false,"template":"","format":"standard","meta":[],"categories":[38,57],"tags":[52],"yoast_head":"<!-- This site is optimized with the Yoast SEO plugin v15.5 - https:\/\/yoast.com\/wordpress\/plugins\/seo\/ -->\n<meta name=\"robots\" content=\"index, follow, max-snippet:-1, max-image-preview:large, max-video-preview:-1\" \/>\n<link rel=\"canonical\" href=\"https:\/\/sea-solucoes.com\/site\/incluir-para-proteger-o-desafio-do-planeamento-de-emergencias-para-pessoas-com-mobilidade-reduzida\/\" \/>\n<meta property=\"og:locale\" content=\"pt_PT\" \/>\n<meta property=\"og:type\" content=\"article\" \/>\n<meta property=\"og:title\" content=\"INCLUIR PARA PROTEGER: O DESAFIO DO PLANEAMENTO DE EMERG\u00caNCIAS PARA PESSOAS COM MOBILIDADE REDUZIDA - SEA Solu\u00e7\u00f5es\" \/>\n<meta property=\"og:description\" content=\"Numa emerg\u00eancia, a prioridade \u00e9 retirar todas as pessoas do local de forma segura e eficiente. Mas nem todas t\u00eam a mesma capacidade de reagir perante uma situa\u00e7\u00e3o cr\u00edtica. As pessoas com mobilidade reduzida \u2014 que incluem n\u00e3o s\u00f3 pessoas com defici\u00eancia motora permanente, mas tamb\u00e9m gr\u00e1vidas, idosos, pessoas lesionadas ou com condi\u00e7\u00f5es de sa\u00fade tempor\u00e1rias \u2014 encontram barreiras que,&nbsp;Continue Reading\" \/>\n<meta property=\"og:url\" content=\"https:\/\/sea-solucoes.com\/site\/incluir-para-proteger-o-desafio-do-planeamento-de-emergencias-para-pessoas-com-mobilidade-reduzida\/\" \/>\n<meta property=\"og:site_name\" content=\"SEA Solu\u00e7\u00f5es\" \/>\n<meta property=\"article:publisher\" content=\"https:\/\/www.facebook.com\/seasolucoes\" \/>\n<meta property=\"article:published_time\" content=\"2025-05-28T09:39:29+00:00\" \/>\n<meta property=\"og:image\" content=\"https:\/\/sea-solucoes.com\/site\/wp-content\/uploads\/2025\/05\/imagem1.jpg\" \/>\n\t<meta property=\"og:image:width\" content=\"600\" \/>\n\t<meta property=\"og:image:height\" content=\"400\" \/>\n<meta name=\"twitter:label1\" content=\"Est. reading time\">\n\t<meta name=\"twitter:data1\" content=\"2 minutos\">\n<script type=\"application\/ld+json\" class=\"yoast-schema-graph\">{\"@context\":\"https:\/\/schema.org\",\"@graph\":[{\"@type\":\"WebSite\",\"@id\":\"https:\/\/sea-solucoes.com\/site\/#website\",\"url\":\"https:\/\/sea-solucoes.com\/site\/\",\"name\":\"SEA Solu\\u00e7\\u00f5es\",\"description\":\"Servi\\u00e7os de Higiene, seguran\\u00e7a e sa\\u00fade no trabalho, Higiene e seguran\\u00e7a alimentar Haccp, Ambiente e Licenciamentos Industriais e Operadores de Gest\\u00e3o de Res\\u00edduos. Forma\\u00e7\\u00e3o e medi\\u00e7\\u00f5es. Psicologia no trabalho. Seguran\\u00e7a contra inc\\u00eandios. \\u00c1guas Santas - Maia - Porto\",\"potentialAction\":[{\"@type\":\"SearchAction\",\"target\":\"https:\/\/sea-solucoes.com\/site\/?s={search_term_string}\",\"query-input\":\"required name=search_term_string\"}],\"inLanguage\":\"pt-PT\"},{\"@type\":\"ImageObject\",\"@id\":\"https:\/\/sea-solucoes.com\/site\/incluir-para-proteger-o-desafio-do-planeamento-de-emergencias-para-pessoas-com-mobilidade-reduzida\/#primaryimage\",\"inLanguage\":\"pt-PT\",\"url\":\"https:\/\/sea-solucoes.com\/site\/wp-content\/uploads\/2025\/05\/imagem1.jpg\",\"width\":600,\"height\":400},{\"@type\":\"WebPage\",\"@id\":\"https:\/\/sea-solucoes.com\/site\/incluir-para-proteger-o-desafio-do-planeamento-de-emergencias-para-pessoas-com-mobilidade-reduzida\/#webpage\",\"url\":\"https:\/\/sea-solucoes.com\/site\/incluir-para-proteger-o-desafio-do-planeamento-de-emergencias-para-pessoas-com-mobilidade-reduzida\/\",\"name\":\"INCLUIR PARA PROTEGER: O DESAFIO DO PLANEAMENTO DE EMERG\\u00caNCIAS PARA PESSOAS COM MOBILIDADE REDUZIDA - SEA Solu\\u00e7\\u00f5es\",\"isPartOf\":{\"@id\":\"https:\/\/sea-solucoes.com\/site\/#website\"},\"primaryImageOfPage\":{\"@id\":\"https:\/\/sea-solucoes.com\/site\/incluir-para-proteger-o-desafio-do-planeamento-de-emergencias-para-pessoas-com-mobilidade-reduzida\/#primaryimage\"},\"datePublished\":\"2025-05-28T09:39:29+00:00\",\"dateModified\":\"2025-05-28T09:39:29+00:00\",\"author\":{\"@id\":\"https:\/\/sea-solucoes.com\/site\/#\/schema\/person\/28da2dfa4f813e13de4d59d88880eefa\"},\"inLanguage\":\"pt-PT\",\"potentialAction\":[{\"@type\":\"ReadAction\",\"target\":[\"https:\/\/sea-solucoes.com\/site\/incluir-para-proteger-o-desafio-do-planeamento-de-emergencias-para-pessoas-com-mobilidade-reduzida\/\"]}]},{\"@type\":\"Person\",\"@id\":\"https:\/\/sea-solucoes.com\/site\/#\/schema\/person\/28da2dfa4f813e13de4d59d88880eefa\",\"name\":\"Marlene Vales\"}]}<\/script>\n<!-- \/ Yoast SEO plugin. -->","_links":{"self":[{"href":"https:\/\/sea-solucoes.com\/site\/wp-json\/wp\/v2\/posts\/4883"}],"collection":[{"href":"https:\/\/sea-solucoes.com\/site\/wp-json\/wp\/v2\/posts"}],"about":[{"href":"https:\/\/sea-solucoes.com\/site\/wp-json\/wp\/v2\/types\/post"}],"author":[{"embeddable":true,"href":"https:\/\/sea-solucoes.com\/site\/wp-json\/wp\/v2\/users\/3"}],"replies":[{"embeddable":true,"href":"https:\/\/sea-solucoes.com\/site\/wp-json\/wp\/v2\/comments?post=4883"}],"version-history":[{"count":2,"href":"https:\/\/sea-solucoes.com\/site\/wp-json\/wp\/v2\/posts\/4883\/revisions"}],"predecessor-version":[{"id":4887,"href":"https:\/\/sea-solucoes.com\/site\/wp-json\/wp\/v2\/posts\/4883\/revisions\/4887"}],"wp:featuredmedia":[{"embeddable":true,"href":"https:\/\/sea-solucoes.com\/site\/wp-json\/wp\/v2\/media\/4884"}],"wp:attachment":[{"href":"https:\/\/sea-solucoes.com\/site\/wp-json\/wp\/v2\/media?parent=4883"}],"wp:term":[{"taxonomy":"category","embeddable":true,"href":"https:\/\/sea-solucoes.com\/site\/wp-json\/wp\/v2\/categories?post=4883"},{"taxonomy":"post_tag","embeddable":true,"href":"https:\/\/sea-solucoes.com\/site\/wp-json\/wp\/v2\/tags?post=4883"}],"curies":[{"name":"wp","href":"https:\/\/api.w.org\/{rel}","templated":true}]}}