{"id":3589,"date":"2020-01-30T11:02:35","date_gmt":"2020-01-30T10:02:35","guid":{"rendered":"https:\/\/sea-solucoes.com\/site\/?p=3589"},"modified":"2020-01-30T14:08:22","modified_gmt":"2020-01-30T13:08:22","slug":"mirr-2019-ja-abriu-atencao-aos-prazos","status":"publish","type":"post","link":"https:\/\/sea-solucoes.com\/site\/mirr-2019-ja-abriu-atencao-aos-prazos\/","title":{"rendered":"MIRR 2019 J\u00c1 ABRIU &#8211; ATEN\u00c7\u00c3O AOS PRAZOS"},"content":{"rendered":"<h4>De acordo com o\u00a0Decreto-Lei n.\u00ba 178\/2006, alterado pelo\u00a0Decreto-Lei n.\u00ba 73\/2011, o preenchimento do\u00a0Mapa Integrado de Registo de Res\u00edduos (MIRR) \u00e9\u00a0obrigat\u00f3rio at\u00e9 31 de mar\u00e7o de cada ano.<\/h4>\n<h4>De 1 de Janeiro at\u00e9 ao dia 31 de Mar\u00e7o de 2020, decorre o prazo legal para preenchimento e submiss\u00e3o do Mapa Integrado de Registo de Res\u00edduos (MIRR) relativo ao ano de 2019, pelas empresas e outras entidades abrangidas pela obrigatoriedade de registo no SILIAMB.<\/h4>\n<h4>Para a submiss\u00e3o do MIRR apenas \u00e9 necess\u00e1rio:<\/h4>\n<ol>\n<li>\n<h4>Indicar que o Estabelecimento tem enquadramento\u00a0<strong><a href=\"https:\/\/apoiosiliamb.apambiente.pt\/content\/definicao-do-enquadramento-mirr?language=pt-pt\" rel=\"nofollow\">MIRR<\/a><\/strong>;<\/h4>\n<\/li>\n<li>\n<h4>Efetuar o pagamento da<strong>\u00a0<a href=\"https:\/\/apoiosiliamb.apambiente.pt\/content\/regularizacao-da-taxa-sirer?language=pt-pt\" rel=\"nofollow\">taxa anual de registo no SIRER<\/a><\/strong>.<\/h4>\n<\/li>\n<\/ol>\n<h4><span style=\"color: #99cc00\"><strong>Quem est\u00e1 sujeito a inscri\u00e7\u00e3o no Sistema Integrado de Registo Eletr\u00f3nico de Res\u00edduos (SIRER), suportado atrav\u00e9s da plataforma SILiAmb, com vista ao registo de dados no MIRR?<\/strong><\/span><\/h4>\n<h4>a)As pessoas singulares ou coletivas respons\u00e1veis por\u00a0estabelecimentos que empreguem mais de 10 trabalhadores e que\u00a0produzam res\u00edduos n\u00e3o urbanos;<\/h4>\n<h4>b)As pessoas singulares ou coletivas respons\u00e1veis por estabelecimentos que\u00a0produzam res\u00edduos perigosos;<\/h4>\n<h4>c)As pessoas singulares ou coletivas que procedam ao\u00a0tratamento de res\u00edduos a t\u00edtulo profissional;<\/h4>\n<h4>d)As pessoas singulares ou coletivas que procedam \u00e0\u00a0recolha ou ao transporte de res\u00edduos a t\u00edtulo profissional;<\/h4>\n<h4>e)As entidades respons\u00e1veis pelos sistemas de\u00a0gest\u00e3o de res\u00edduos urbanos;<\/h4>\n<h4>f)As entidades respons\u00e1veis pela gest\u00e3o de sistemas individuais ou integrados de fluxos espec\u00edficos de res\u00edduos;<\/h4>\n<h4>g)Os operadores que\u00a0atuam no mercado de res\u00edduos, designadamente como corretores ou comerciantes;<\/h4>\n<h4>h)Os produtores de produtos sujeitos \u00e0 obriga\u00e7\u00e3o de registo nos termos da legisla\u00e7\u00e3o relativa a fluxos espec\u00edficos.<\/h4>\n<h4>Est\u00e3o ainda sujeitos \u00e0 inscri\u00e7\u00e3o e registo no SILiAmb, produtores de res\u00edduos que n\u00e3o se enquadrem nas al\u00edneas anteriores, mas que se encontrem obrigados ao\u00a0registo eletr\u00f3nico das guias de acompanhamento do transporte rodovi\u00e1rio de res\u00edduos (e-GAR).<\/h4>\n<h4><span style=\"color: #99cc00\"><strong>Regulariza\u00e7\u00e3o da taxa SIRER<\/strong><\/span><\/h4>\n<h4>A submiss\u00e3o do MIRR encontra-se sujeita ao pagamento de uma\u00a0<span style=\"color: #99cc00\"><strong>taxa anual de registo<\/strong>,<\/span> e s\u00f3 poder\u00e1 ser efetuada ap\u00f3s o respetivo pagamento.<\/h4>\n<h4>Tendo em considera\u00e7\u00e3o o tempo necess\u00e1rio \u00e0 troca de informa\u00e7\u00e3o entre a APA, I.P. e o IGCP (cerca de 4 dias \u00fateis) recomenda-se que este procedimento n\u00e3o seja efetuado nos \u00faltimos dias do prazo de submiss\u00e3o.<\/h4>\n<h4>O valor da taxa de registo\u00a0<strong>(<a href=\"https:\/\/apoiosiliamb.apambiente.pt\/content\/regularizacao-da-taxa-sirer?language=pt-pt\" rel=\"nofollow\">Taxa SIRER<\/a>)<\/strong>\u00a0\u00e9 divulgado em<strong>\u00a0<a href=\"https:\/\/apoiosiliamb.apambiente.pt\/content\/mirr\" rel=\"nofollow\">www.apambiente.pt<\/a><\/strong>\u00a0uma vez que sofre atualiza\u00e7\u00e3o anual por aplica\u00e7\u00e3o do \u00edndice de pre\u00e7os no consumidor.<\/h4>\n<h4>As recentes altera\u00e7\u00f5es introduzidas por for\u00e7a do Artigo 12.\u00ba do novo Regulamento de Funcionamento do SIRER (Anexo \u00e0 Portaria n.\u00ba 289\/2015, de 17 de setembro) determinam que a\u00a0<span style=\"color: #99cc00\"><strong>taxa anual de registo no SIRER passa a ser efetuada anualmente antes da submiss\u00e3o do MIRR.<\/strong><\/span><\/h4>\n<h4 style=\"text-align: center\"><span style=\"color: #99cc00\"><em><strong>Se t\u00eam d\u00favidas na submiss\u00e3o do MIRR da sua empresa n\u00e3o hesite e contacte o nosso servi\u00e7o de Ambiente.<\/strong><\/em><\/span><\/h4>\n<p>&nbsp;<\/p>\n<h6 style=\"text-align: right\"><em>Marlene Vales<\/em><\/h6>\n<h6 style=\"text-align: right\"><em>Diretora T\u00e9cnica<\/em><\/h6>\n","protected":false},"excerpt":{"rendered":"De acordo com o\u00a0Decreto-Lei n.\u00ba 178\/2006, alterado pelo\u00a0Decreto-Lei n.\u00ba 73\/2011, o preenchimento do\u00a0Mapa Integrado de Registo de Res\u00edduos (MIRR) \u00e9\u00a0obrigat\u00f3rio at\u00e9 31 de mar\u00e7o de cada ano. De 1 de Janeiro at\u00e9 ao dia 31 de Mar\u00e7o de 2020, decorre o prazo legal para preenchimento e submiss\u00e3o do Mapa Integrado de Registo de Res\u00edduos (MIRR) relativo ao ano de 2019,&nbsp;<a href=\"https:\/\/sea-solucoes.com\/site\/mirr-2019-ja-abriu-atencao-aos-prazos\/\" class=\"read-more\">Continue Reading<\/a>","protected":false},"author":3,"featured_media":3590,"comment_status":"closed","ping_status":"closed","sticky":false,"template":"","format":"standard","meta":[],"categories":[55,38],"tags":[50],"yoast_head":"<!-- This site is optimized with the Yoast SEO plugin v15.5 - https:\/\/yoast.com\/wordpress\/plugins\/seo\/ -->\n<meta name=\"robots\" content=\"index, follow, max-snippet:-1, max-image-preview:large, max-video-preview:-1\" \/>\n<link rel=\"canonical\" href=\"https:\/\/sea-solucoes.com\/site\/mirr-2019-ja-abriu-atencao-aos-prazos\/\" \/>\n<meta property=\"og:locale\" content=\"pt_PT\" \/>\n<meta property=\"og:type\" content=\"article\" \/>\n<meta property=\"og:title\" content=\"MIRR 2019 J\u00c1 ABRIU - ATEN\u00c7\u00c3O AOS PRAZOS - SEA Solu\u00e7\u00f5es\" \/>\n<meta property=\"og:description\" content=\"De acordo com o\u00a0Decreto-Lei n.\u00ba 178\/2006, alterado pelo\u00a0Decreto-Lei n.\u00ba 73\/2011, o preenchimento do\u00a0Mapa Integrado de Registo de Res\u00edduos (MIRR) \u00e9\u00a0obrigat\u00f3rio at\u00e9 31 de mar\u00e7o de cada ano. De 1 de Janeiro at\u00e9 ao dia 31 de Mar\u00e7o de 2020, decorre o prazo legal para preenchimento e submiss\u00e3o do Mapa Integrado de Registo de Res\u00edduos (MIRR) relativo ao ano de 2019,&nbsp;Continue Reading\" \/>\n<meta property=\"og:url\" content=\"https:\/\/sea-solucoes.com\/site\/mirr-2019-ja-abriu-atencao-aos-prazos\/\" \/>\n<meta property=\"og:site_name\" content=\"SEA Solu\u00e7\u00f5es\" \/>\n<meta property=\"article:publisher\" content=\"https:\/\/www.facebook.com\/seasolucoes\" \/>\n<meta property=\"article:published_time\" content=\"2020-01-30T10:02:35+00:00\" \/>\n<meta property=\"article:modified_time\" content=\"2020-01-30T13:08:22+00:00\" \/>\n<meta property=\"og:image\" content=\"https:\/\/sea-solucoes.com\/site\/wp-content\/uploads\/2020\/01\/MIRR2.png\" \/>\n\t<meta property=\"og:image:width\" content=\"458\" \/>\n\t<meta property=\"og:image:height\" content=\"365\" \/>\n<meta name=\"twitter:label1\" content=\"Est. reading time\">\n\t<meta name=\"twitter:data1\" content=\"2 minutos\">\n<script type=\"application\/ld+json\" class=\"yoast-schema-graph\">{\"@context\":\"https:\/\/schema.org\",\"@graph\":[{\"@type\":\"WebSite\",\"@id\":\"https:\/\/sea-solucoes.com\/site\/#website\",\"url\":\"https:\/\/sea-solucoes.com\/site\/\",\"name\":\"SEA Solu\\u00e7\\u00f5es\",\"description\":\"Servi\\u00e7os de Higiene, seguran\\u00e7a e sa\\u00fade no trabalho, Higiene e seguran\\u00e7a alimentar Haccp, Ambiente e Licenciamentos Industriais e Operadores de Gest\\u00e3o de Res\\u00edduos. Forma\\u00e7\\u00e3o e medi\\u00e7\\u00f5es. Psicologia no trabalho. Seguran\\u00e7a contra inc\\u00eandios. \\u00c1guas Santas - Maia - Porto\",\"potentialAction\":[{\"@type\":\"SearchAction\",\"target\":\"https:\/\/sea-solucoes.com\/site\/?s={search_term_string}\",\"query-input\":\"required name=search_term_string\"}],\"inLanguage\":\"pt-PT\"},{\"@type\":\"ImageObject\",\"@id\":\"https:\/\/sea-solucoes.com\/site\/mirr-2019-ja-abriu-atencao-aos-prazos\/#primaryimage\",\"inLanguage\":\"pt-PT\",\"url\":\"https:\/\/sea-solucoes.com\/site\/wp-content\/uploads\/2020\/01\/MIRR2.png\",\"width\":458,\"height\":365},{\"@type\":\"WebPage\",\"@id\":\"https:\/\/sea-solucoes.com\/site\/mirr-2019-ja-abriu-atencao-aos-prazos\/#webpage\",\"url\":\"https:\/\/sea-solucoes.com\/site\/mirr-2019-ja-abriu-atencao-aos-prazos\/\",\"name\":\"MIRR 2019 J\\u00c1 ABRIU - ATEN\\u00c7\\u00c3O AOS PRAZOS - SEA Solu\\u00e7\\u00f5es\",\"isPartOf\":{\"@id\":\"https:\/\/sea-solucoes.com\/site\/#website\"},\"primaryImageOfPage\":{\"@id\":\"https:\/\/sea-solucoes.com\/site\/mirr-2019-ja-abriu-atencao-aos-prazos\/#primaryimage\"},\"datePublished\":\"2020-01-30T10:02:35+00:00\",\"dateModified\":\"2020-01-30T13:08:22+00:00\",\"author\":{\"@id\":\"https:\/\/sea-solucoes.com\/site\/#\/schema\/person\/28da2dfa4f813e13de4d59d88880eefa\"},\"inLanguage\":\"pt-PT\",\"potentialAction\":[{\"@type\":\"ReadAction\",\"target\":[\"https:\/\/sea-solucoes.com\/site\/mirr-2019-ja-abriu-atencao-aos-prazos\/\"]}]},{\"@type\":\"Person\",\"@id\":\"https:\/\/sea-solucoes.com\/site\/#\/schema\/person\/28da2dfa4f813e13de4d59d88880eefa\",\"name\":\"Marlene Vales\"}]}<\/script>\n<!-- \/ Yoast SEO plugin. -->","_links":{"self":[{"href":"https:\/\/sea-solucoes.com\/site\/wp-json\/wp\/v2\/posts\/3589"}],"collection":[{"href":"https:\/\/sea-solucoes.com\/site\/wp-json\/wp\/v2\/posts"}],"about":[{"href":"https:\/\/sea-solucoes.com\/site\/wp-json\/wp\/v2\/types\/post"}],"author":[{"embeddable":true,"href":"https:\/\/sea-solucoes.com\/site\/wp-json\/wp\/v2\/users\/3"}],"replies":[{"embeddable":true,"href":"https:\/\/sea-solucoes.com\/site\/wp-json\/wp\/v2\/comments?post=3589"}],"version-history":[{"count":4,"href":"https:\/\/sea-solucoes.com\/site\/wp-json\/wp\/v2\/posts\/3589\/revisions"}],"predecessor-version":[{"id":3603,"href":"https:\/\/sea-solucoes.com\/site\/wp-json\/wp\/v2\/posts\/3589\/revisions\/3603"}],"wp:featuredmedia":[{"embeddable":true,"href":"https:\/\/sea-solucoes.com\/site\/wp-json\/wp\/v2\/media\/3590"}],"wp:attachment":[{"href":"https:\/\/sea-solucoes.com\/site\/wp-json\/wp\/v2\/media?parent=3589"}],"wp:term":[{"taxonomy":"category","embeddable":true,"href":"https:\/\/sea-solucoes.com\/site\/wp-json\/wp\/v2\/categories?post=3589"},{"taxonomy":"post_tag","embeddable":true,"href":"https:\/\/sea-solucoes.com\/site\/wp-json\/wp\/v2\/tags?post=3589"}],"curies":[{"name":"wp","href":"https:\/\/api.w.org\/{rel}","templated":true}]}}